{"id":10205,"date":"2020-09-16T15:50:15","date_gmt":"2020-09-16T18:50:15","guid":{"rendered":"http:\/\/amayadapimport.local\/?p=10205"},"modified":"2020-09-16T15:50:15","modified_gmt":"2020-09-16T18:50:15","slug":"desde-amayadap-reclamaron-que-se-respete-la-legislacion-y-se-garantiza-el-derecho-de-libre-transito-el-corte-de-rutas-perjudica-a-todos","status":"publish","type":"post","link":"https:\/\/amayadap.com\/evo\/desde-amayadap-reclamaron-que-se-respete-la-legislacion-y-se-garantiza-el-derecho-de-libre-transito-el-corte-de-rutas-perjudica-a-todos\/","title":{"rendered":"Desde Amayadap reclamaron que se respete la legislaci\u00f3n y se garantiza el derecho de libre tr\u00e1nsito: \u00abEl corte de rutas perjudica a todos\u00bb"},"content":{"rendered":"<p>Empresarios de la zona norte consideraron que sea cual fuere el motivo de las protestas, \u201clas rutas son de libre tr\u00e1nsito, el derecho de transitar se halla garantizado en la Constituci\u00f3n Nacional, y la prohibici\u00f3n del\u00a0<strong>corte de rutas<\/strong>\u00a0esta prevista en el\u00a0<strong>Art. 194 del C\u00f3digo Penal<\/strong>\u00a0de la Rep\u00fablica Argentina\u201d.<\/p>\n<p>Para los empresarios forestales y madereros de la zona norte, puede ser que el reclamo de alg\u00fan gremio o sindicato docente sea justo, as\u00ed como lo fue del sector agrario, etc\u00e9tera, pero desde la Asociaci\u00f3n Maderera Aserraderos y Afines del Alto Paran\u00e1 (AMAYADAP) expresaron su posici\u00f3n de rechazo a la modalidad de cortes de rutas.<\/p>\n<p>\u201cNo estamos de acuerdo en la forma de reclamar, ni de este sector, ni de ninguno cuando utilizan los cortes de rutas; lamentablemente perjudican a los dem\u00e1s trabajadores, a los otros sectores que d\u00eda a d\u00eda aportan impuestos para que el Estado tenga ingresos para poder darles el aumento que est\u00e1n reclamando\u201d, sostienen desde la entidad.<\/p>\n<p>&nbsp;<\/p>\n<p>Los empresarios advirtieron que estas situaciones generan tensiones y promueven un alto nivel de irritaci\u00f3n a todos quienes tienen un compromiso de actividad laboral y se les impide la circulaci\u00f3n. \u201cEsto sucede tambi\u00e9n cuando se quiere llegar a su casa o al destino que sea, y debe esperar horas en la ruta bajo el rayo del sol o las lluvias\u201d, cuestionaron.<\/p>\n<h3>Solidaridad \u00abentre todos\u00bb<\/h3>\n<p>En el comunicado de prensa emitido por la c\u00e1mara empresaria donde marcaron su posici\u00f3n respecto a la problem\u00e1tica que se increment\u00f3 en los \u00faltimos d\u00edas, desde la AMAYADAP cuestionaron a los organizadores de los cortes de rutas en la provincia: \u201c\u00bfPor qu\u00e9 no les reclaman directamente a los que deben darles las respuestas que est\u00e1n necesitando y no a sus pares trabajadores?\u201d.<\/p>\n<p>&nbsp;<\/p>\n<p>La interrupci\u00f3n en la libre circulaci\u00f3n en rutas nacionales, provinciales, caminos vecinales, con cualquier pretexto, invocando incluso el \u201cderecho a reclamar o a protestar\u201d, gener\u00f3 el \u00a0rechazo del sector de madereros de la zona norte. \u201cNo tienen reparo en que ese derecho no es absoluto y que termina donde comienza el derecho de los dem\u00e1s\u201d, recordaron en la misiva.<\/p>\n<p>&nbsp;<\/p>\n<p>Desde la AMAYADAP consideraron que el accionar de Corte de Rutas \u201ces ilegal, ya se volvi\u00f3 costumbre y se reitera d\u00eda a d\u00eda, a la vista de los gobernantes, fiscales y jueces, que nada hacen al respecto incumpliendo con las funciones que por obligaci\u00f3n al derecho le competen\u201d, manifestaron ante la demora en el desalojo o represalias para liberar las rutas.<\/p>\n<p>&nbsp;<\/p>\n<p>Finalmente, solicitaron a quienes deben hacer cumplir las leyes, que las mismas sean aplicadas (para la liberaci\u00f3n de las rutas). \u201cA los que reclaman, por favor que busquen la v\u00eda de realizarlo sin perjudicar a los dem\u00e1s ciudadanos de la provincia\u201d, concluyeron.<\/p>\n<p>&nbsp;<\/p>\n","protected":false},"excerpt":{"rendered":"<p>Empresarios de la zona norte consideraron que sea cual fuere el motivo de las protestas, \u201clas rutas son de libre tr\u00e1nsito, el derecho de transitar se halla garantizado en la Constituci\u00f3n Nacional, y la prohibici\u00f3n del\u00a0corte de rutas\u00a0esta prevista en el\u00a0Art. 194 del C\u00f3digo Penal\u00a0de&#8230;<\/p>\n","protected":false},"author":2,"featured_media":0,"comment_status":"closed","ping_status":"closed","sticky":false,"template":"","format":"standard","meta":{"footnotes":""},"categories":[29],"tags":[],"class_list":["post-10205","post","type-post","status-publish","format-standard","hentry","category-home"],"_links":{"self":[{"href":"https:\/\/amayadap.com\/evo\/wp-json\/wp\/v2\/posts\/10205","targetHints":{"allow":["GET"]}}],"collection":[{"href":"https:\/\/amayadap.com\/evo\/wp-json\/wp\/v2\/posts"}],"about":[{"href":"https:\/\/amayadap.com\/evo\/wp-json\/wp\/v2\/types\/post"}],"author":[{"embeddable":true,"href":"https:\/\/amayadap.com\/evo\/wp-json\/wp\/v2\/users\/2"}],"replies":[{"embeddable":true,"href":"https:\/\/amayadap.com\/evo\/wp-json\/wp\/v2\/comments?post=10205"}],"version-history":[{"count":0,"href":"https:\/\/amayadap.com\/evo\/wp-json\/wp\/v2\/posts\/10205\/revisions"}],"wp:attachment":[{"href":"https:\/\/amayadap.com\/evo\/wp-json\/wp\/v2\/media?parent=10205"}],"wp:term":[{"taxonomy":"category","embeddable":true,"href":"https:\/\/amayadap.com\/evo\/wp-json\/wp\/v2\/categories?post=10205"},{"taxonomy":"post_tag","embeddable":true,"href":"https:\/\/amayadap.com\/evo\/wp-json\/wp\/v2\/tags?post=10205"}],"curies":[{"name":"wp","href":"https:\/\/api.w.org\/{rel}","templated":true}]}}